{"id":26769,"date":"2026-04-27T12:06:16","date_gmt":"2026-04-27T10:06:16","guid":{"rendered":"https:\/\/prolitteris.ch\/?p=26769"},"modified":"2026-04-27T12:08:23","modified_gmt":"2026-04-27T10:08:23","slug":"repartition-online-stabilisation-a-environ-10-millions-de-francs","status":"publish","type":"post","link":"https:\/\/prolitteris.ch\/fr\/repartition-online-stabilisation-a-environ-10-millions-de-francs\/","title":{"rendered":"R\u00e9partition Online \u2013 Stabilisation \u00e0 environ 10 millions de francs"},"content":{"rendered":"\n<p><strong>27.04.2026 \u2013 Pour la r\u00e9partition Online, que ProLitteris effectuera dans le cadre de la r\u00e9partition principale en septembre, un montant similaire d\u2019environ 10 millions de francs suisses est attendu. Afin de pr\u00e9server le rapport avec la r\u00e9partition Print, la redevance de base sera r\u00e9duite. Dans une \u00e9tape suivante \u00e0 partir de 2027, le volume des textes (nombre de caract\u00e8res) sera pond\u00e9r\u00e9 plus fortement et la diffusion (nombre de visites) plus faiblement. La r\u00e9partition Online est le syst\u00e8me de ProLitteris qui verse des redevances pour les textes et les images sur Internet, car ceux-ci sont copi\u00e9s et diffus\u00e9s en interne par des \u00e9coles, des biblioth\u00e8ques et des organisations de toutes sortes. Ces utilisations rel\u00e8vent du droit d\u2019auteur. Mais pour des raisons pratiques et juridiques, elles ne peuvent pas \u00eatre exploit\u00e9es individuellement au moyen d\u2019autorisations et de contrats de licence. ProLitteris r\u00e9sout ce probl\u00e8me en tant que soci\u00e9t\u00e9 de gestion collective centrale.<\/strong><\/p>\n\n\n\n<p>Pour que le syst\u00e8me fonctionne, il faut des tarifs et des r\u00e8gles de r\u00e9partition.<\/p>\n\n\n\n<ul class=\"wp-block-list\">\n<li>Tarifs : ProLitteris a n\u00e9goci\u00e9 les redevances pour les tarifs communs 5, 7 et 13 avec les repr\u00e9sentants des utilisateurs et soumettra les nouveaux tarifs \u00e0 la Commission arbitrale f\u00e9d\u00e9rale pour la gestion des droits d\u2019auteur et des droits voisins (CAF). Ils entreront en vigueur le 1er janvier 2027. Le tarif pour les organisations (GT 8) suivra un an plus tard.<\/li>\n\n\n\n<li>R\u00e9partitions : ProLitteris distribue les redevances l\u00e9gales d\u2019une ann\u00e9e au cours de l\u2019ann\u00e9e suivante. Tout d\u2019abord, les quotes-parts sont vers\u00e9es \u00e0 d\u2019autres soci\u00e9t\u00e9s de gestion en Suisse et \u00e0 l\u2019\u00e9tranger ainsi qu\u2019\u00e0 certaines agences de presse. La r\u00e9partition principale a ensuite lieu chaque ann\u00e9e en septembre. Le r\u00e8glement de r\u00e9partition et son application sont r\u00e9guli\u00e8rement r\u00e9examin\u00e9s et approuv\u00e9s par le comit\u00e9 de ProLitteris.<\/li>\n<\/ul>\n\n\n\n<p>Gr\u00e2ce aux mesures suivantes, ProLitteris veille \u00e0 ce que les redevances soient \u00e9quitables dans le cadre de la r\u00e9partition principale.<\/p>\n\n\n\n<p>Premi\u00e8rement : la redevance de base a \u00e9t\u00e9 fix\u00e9e lors du lancement de la r\u00e9partition Online pour un texte minimal donnant droit \u00e0 redevance. Actuellement, cette valeur s\u2019\u00e9l\u00e8ve \u00e0 CHF 6.12. Le calcul repose sur une estimation de la valeur d\u2019une page de texte publi\u00e9e, avec ou sans images. Le montant de la redevance de base peut \u00eatre adapt\u00e9 par ProLitteris en fonction des recettes disponibles pour la r\u00e9partition Online. Pour l\u2019ann\u00e9e d\u2019utilisation 2025, une redevance de base de CHF 5 est pr\u00e9vue.<\/p>\n\n\n\n<p>Deuxi\u00e8mement : gr\u00e2ce \u00e0 une mesure qui entrera en vigueur ult\u00e9rieurement, ProLitteris s\u2019adapte \u00e0 l\u2019augmentation du nombre de publications et d\u2019ayant droit, ainsi qu\u2019aux \u00e9volutions techniques de l\u2019intelligence artificielle. \u00c0 cette fin, la formule de calcul de la r\u00e9partition Online sera adapt\u00e9e \u00e0 compter de l\u2019ann\u00e9e d\u2019utilisation 2027. D\u00e9sormais, le nombre de consultations ne sera plus pris en compte que selon sa racine cubique. Le nombre de caract\u00e8res, en revanche, ne sera plus r\u00e9duit. Exemple : un texte comptant 10 000 acc\u00e8s (jusqu\u2019\u00e0 pr\u00e9sent 100 points) et 2 500 caract\u00e8res (jusqu\u2019\u00e0 pr\u00e9sent 50 points, soit un total de 5 000 points) aura d\u00e9sormais 25 000 points (10 points pour les acc\u00e8s, multipli\u00e9s par 2 500 pour les caract\u00e8res). Comme auparavant, la somme de la redevance d\u2019environ 10 millions de francs suisses est divis\u00e9e par le total des points, apr\u00e8s quoi la redevance par \u0153uvre est calcul\u00e9e et r\u00e9partie \u00e0 parts \u00e9gales (50 %) entre l\u2019\u00e9diteur et le ou les auteurs. Gr\u00e2ce \u00e0 cette mesure, les textes courts tr\u00e8s diffus\u00e9s recevront une redevance l\u00e9g\u00e8rement inf\u00e9rieure, tandis que les textes plus longs et moins diffus\u00e9s recevront une redevance plus \u00e9lev\u00e9e. Associ\u00e9e au \u00ab facteur payant \u00bb d\u00e9j\u00e0 connu, qui quadruple la valeur des acc\u00e8s \u00ab Paywall \u00bb, cette mesure constitue \u00e9galement une opportunit\u00e9 pour les contenus copiables dans des cat\u00e9gories d\u2019\u0153uvres autres que le journalisme (science, mat\u00e9riel p\u00e9dagogique, etc.).<\/p>\n\n\n\n<p>La demande d\u2019approbation sera d\u00e9pos\u00e9e aupr\u00e8s de l\u2019Institut de la propri\u00e9t\u00e9 intellectuelle en mai 2026. La r\u00e9vision du r\u00e8glement de r\u00e9partition comporte d\u2019autres am\u00e9liorations. La question de savoir si une r\u00e9vision ult\u00e9rieure n\u00e9cessitera des mesures suppl\u00e9mentaires fera l\u2019objet d\u2019un examen s\u00e9par\u00e9. L\u2019intelligence artificielle pourrait constituer un tel motif. L\u2019intelligence artificielle est aujourd\u2019hui utilis\u00e9e pour toutes les cat\u00e9gories d\u2019\u0153uvres, et ProLitteris met en \u0153uvre au mieux les conditions du droit d\u2019auteur pour la protection en tant qu\u2019\u0153uvre et pour l\u2019obtention d\u2019une redevance. La direction et le comit\u00e9 se penchent en permanence sur ces \u00e9volutions.<\/p>\n\n\n\n<p><\/p>\n","protected":false},"excerpt":{"rendered":"<p>27.04.2026 \u2013 Pour la r\u00e9partition Online, que ProLitteris effectuera dans le cadre de la r\u00e9partition principale en septembre, un montant similaire d\u2019environ 10 millions de francs suisses est attendu. Afin de pr\u00e9server le rapport avec la r\u00e9partition Print, la redevance de base sera r\u00e9duite. Dans une \u00e9tape suivante \u00e0 partir de 2027, le volume des<\/p>\n","protected":false},"author":4,"featured_media":0,"comment_status":"closed","ping_status":"open","sticky":false,"template":"","format":"standard","meta":{"_acf_changed":false,"_relevanssi_hide_post":"","_relevanssi_hide_content":"","_relevanssi_pin_for_all":"","_relevanssi_pin_keywords":"","_relevanssi_unpin_keywords":"","_relevanssi_related_keywords":"","_relevanssi_related_include_ids":"","_relevanssi_related_exclude_ids":"","_relevanssi_related_no_append":"","_relevanssi_related_not_related":"","_relevanssi_related_posts":"26604,21568,20537,7464,5813,19563","_relevanssi_noindex_reason":"","footnotes":""},"categories":[90],"tags":[],"class_list":["post-26769","post","type-post","status-publish","format-standard","hentry","category-news-de-prolitteris"],"acf":[],"_links":{"self":[{"href":"https:\/\/prolitteris.ch\/fr\/wp-json\/wp\/v2\/posts\/26769","targetHints":{"allow":["GET"]}}],"collection":[{"href":"https:\/\/prolitteris.ch\/fr\/wp-json\/wp\/v2\/posts"}],"about":[{"href":"https:\/\/prolitteris.ch\/fr\/wp-json\/wp\/v2\/types\/post"}],"author":[{"embeddable":true,"href":"https:\/\/prolitteris.ch\/fr\/wp-json\/wp\/v2\/users\/4"}],"replies":[{"embeddable":true,"href":"https:\/\/prolitteris.ch\/fr\/wp-json\/wp\/v2\/comments?post=26769"}],"version-history":[{"count":2,"href":"https:\/\/prolitteris.ch\/fr\/wp-json\/wp\/v2\/posts\/26769\/revisions"}],"predecessor-version":[{"id":26772,"href":"https:\/\/prolitteris.ch\/fr\/wp-json\/wp\/v2\/posts\/26769\/revisions\/26772"}],"wp:attachment":[{"href":"https:\/\/prolitteris.ch\/fr\/wp-json\/wp\/v2\/media?parent=26769"}],"wp:term":[{"taxonomy":"category","embeddable":true,"href":"https:\/\/prolitteris.ch\/fr\/wp-json\/wp\/v2\/categories?post=26769"},{"taxonomy":"post_tag","embeddable":true,"href":"https:\/\/prolitteris.ch\/fr\/wp-json\/wp\/v2\/tags?post=26769"}],"curies":[{"name":"wp","href":"https:\/\/api.w.org\/{rel}","templated":true}]}}