{"id":26773,"date":"2026-04-28T12:10:37","date_gmt":"2026-04-28T10:10:37","guid":{"rendered":"https:\/\/prolitteris.ch\/?p=26773"},"modified":"2026-04-27T12:15:25","modified_gmt":"2026-04-27T10:15:25","slug":"repartition-print-renforcement-du-materiel-pedagogique-et-harmonisation-de-la-duree-de-redevance","status":"publish","type":"post","link":"https:\/\/prolitteris.ch\/fr\/repartition-print-renforcement-du-materiel-pedagogique-et-harmonisation-de-la-duree-de-redevance\/","title":{"rendered":"R\u00e9partition Print \u2013 Renforcement du mat\u00e9riel p\u00e9dagogique et harmonisation de la dur\u00e9e de redevance"},"content":{"rendered":"\n<p><strong>28.04.2026 \u2013 La r\u00e9partition Print est la r\u00e9partition traditionnelle de la reprographie. Ce syst\u00e8me permet \u00e0 ProLitteris de r\u00e9partir les redevances pour la copie et les recettes similaires. Le montant total de la r\u00e9partition Print diminue au profit de la r\u00e9partition Online, car la reproduction et la publication de textes et d\u2019images sur Internet sont en augmentation.<\/strong><\/p>\n\n\n\n<p>ProLitteris poursuit dans la voie qu\u2019elle s\u2019est trac\u00e9e, \u00e0 savoir harmoniser et raccourcir les dur\u00e9es de redevance des diff\u00e9rentes cat\u00e9gories d\u2019\u0153uvres. L\u2019objectif est de mettre en place une syst\u00e9matique plus claire et plus coh\u00e9rente, qui facilite une r\u00e9vision totale ult\u00e9rieure de la r\u00e9partition et d\u00e9savantage le moins possible les ayants droit. Les modifications sont aussi neutres que possible sur le plan \u00e9conomique. Les dur\u00e9es de redevance raccourcies sont donc compens\u00e9es par des pond\u00e9rations adapt\u00e9es.<\/p>\n\n\n\n<p>Une dur\u00e9e de redevance de huit ans est pr\u00e9vue pour les livres. Les magazines seront pris en compte pendant quatre ans, tandis qu\u2019une dur\u00e9e de redevance d\u2019un an continuera de s\u2019appliquer \u00e0 la presse quotidienne et hebdomadaire.<\/p>\n\n\n\n<p>Ces dur\u00e9es diff\u00e9rentes refl\u00e8tent l\u2019utilisation typique de ces \u0153uvres et s\u2019inspirent \u00e9galement des conditions actuelles de la r\u00e9partition dans le domaine de l\u2019imprim\u00e9. Les livres restent souvent disponibles pendant longtemps, sont r\u00e9pertori\u00e9s bibliographiquement et sont souvent conserv\u00e9s dans les biblioth\u00e8ques pendant plusieurs ann\u00e9es. Les revues ont, en comparaison, une dur\u00e9e de vie un peu plus courte. La presse quotidienne et hebdomadaire est fortement ax\u00e9e sur l\u2019actualit\u00e9 et continuera donc \u00e0 \u00eatre trait\u00e9e avec la dur\u00e9e de redevance la plus courte.<\/p>\n\n\n\n<p>Le syst\u00e8me de ProLitteris distingue la dur\u00e9e de redevance et la pond\u00e9ration. La dur\u00e9e de redevance refl\u00e8te avant tout la dur\u00e9e de vie approximative d&#8217;une cat\u00e9gorie d&#8217;\u0153uvres. La pond\u00e9ration reste l&#8217;instrument permettant de refl\u00e9ter de mani\u00e8re appropri\u00e9e les diff\u00e9rences entre les classes de r\u00e9partition au sein de dur\u00e9es harmonis\u00e9es. Pour ce faire, nous nous appuyons sur les \u00e9tudes en sciences sociales men\u00e9es par ProLitteris dans le cadre des proc\u00e9dures tarifaires. La redevance effective d\u00e9pend en outre des sommes disponibles pour la r\u00e9partition et des valeurs en points dans les domaines concern\u00e9s.<\/p>\n\n\n\n<p>Les ajustements s\u2019effectuent par paliers. Si la dur\u00e9e de redevance est raccourcie, la pond\u00e9ration est ajust\u00e9e en cons\u00e9quence. De cette mani\u00e8re, les rapports relatifs entre les cat\u00e9gories d\u2019\u0153uvres restent largement stables. Si des \u0153uvres sont exclues en raison de la dur\u00e9e raccourcie, la somme de redevance augmente pour toutes les \u0153uvres \u00e9ligibles. Pour la plupart des ayants droit, en particulier les plus actifs, l\u2019ajustement de ProLitteris a un effet plus ou moins neutre.<\/p>\n\n\n\n<p>\u00c0 chaque adaptation de la dur\u00e9e de redevance, il arrive que certaines \u0153uvres per\u00e7oivent des redevances moins \u00e9lev\u00e9es ou ne per\u00e7oivent plus de redevances. C\u2019est une cons\u00e9quence in\u00e9vitable de toute am\u00e9lioration du syst\u00e8me. Le comit\u00e9 directeur examine cette question de mani\u00e8re approfondie \u00e0 chaque adaptation. C\u2019est pourquoi la proc\u00e9dure se d\u00e9roule par \u00e9tapes. Le fonctionnement parall\u00e8le de diff\u00e9rents syst\u00e8mes de r\u00e9partition est exclu, car il serait pratiquement impossible \u00e0 mettre en \u0153uvre et entra\u00eenerait d\u2019autres injustices dans la r\u00e9partition.<\/p>\n\n\n\n<p>ProLitteris proc\u00e8de \u00e0 une modification mat\u00e9rielle sur la base de la derni\u00e8re \u00e9tude sur les pratiques de copie dans les \u00e9coles. Elle concerne la cat\u00e9gorie des supports p\u00e9dagogiques. La pond\u00e9ration est augment\u00e9e et align\u00e9e sur celle des \u0153uvres scientifiques. Cela correspond \u00e0 une d\u00e9cision de principe de ProLitteris de traiter les supports p\u00e9dagogiques et la science de mani\u00e8re identique.<\/p>\n\n\n\n<p>\u00c0 l\u2019avenir \u00e9galement, plusieurs instruments seront disponibles pour piloter la r\u00e9partition de mani\u00e8re appropri\u00e9e : la dur\u00e9e de redevance, la pond\u00e9ration et les montants de r\u00e9partition des diff\u00e9rents domaines. Dans le cadre de ses d\u00e9lib\u00e9rations sur de nouvelles adaptations du r\u00e8glement de r\u00e9partition, ProLitteris s\u2019efforce \u00e9galement d\u2019\u00e9viter des redevances individuelles excessivement \u00e9lev\u00e9es. Cette question a fait l\u2019objet d\u2019une demande lors de l\u2019assembl\u00e9e g\u00e9n\u00e9rale de 2024. Bien qu\u2019aucune d\u00e9cision n\u2019en ait r\u00e9sult\u00e9, l\u2019observation critique des redevances individuelles fait partie des devoirs de diligence de ProLitteris en tant que soci\u00e9t\u00e9 de gestion collective.<\/p>\n\n\n\n<p>La demande d\u2019approbation sera soumise \u00e0 l\u2019Institut de la propri\u00e9t\u00e9 intellectuelle en mai 2026. La r\u00e9vision du r\u00e8glement de r\u00e9partition comporte d\u2019autres am\u00e9liorations. La mise en \u0153uvre des modifications interviendra lors de la r\u00e9partition principale de 2027 (ann\u00e9e d\u2019exploitation 2026). La question de savoir si une r\u00e9vision ult\u00e9rieure n\u00e9cessitera des mesures suppl\u00e9mentaires fera l\u2019objet d\u2019un examen s\u00e9par\u00e9. L\u2019intelligence artificielle pourrait constituer un tel motif. L\u2019intelligence artificielle est aujourd\u2019hui utilis\u00e9e pour toutes les cat\u00e9gories d\u2019\u0153uvres, et ProLitteris applique au mieux les conditions du droit d\u2019auteur pour la protection en tant qu\u2019\u0153uvre et pour l\u2019obtention d\u2019une redevance. La direction et le comit\u00e9 s\u2019occupent en permanence de ces \u00e9volutions.<\/p>\n","protected":false},"excerpt":{"rendered":"<p>28.04.2026 \u2013 La r\u00e9partition Print est la r\u00e9partition traditionnelle de la reprographie. Ce syst\u00e8me permet \u00e0 ProLitteris de r\u00e9partir les redevances pour la copie et les recettes similaires. Le montant total de la r\u00e9partition Print diminue au profit de la r\u00e9partition Online, car la reproduction et la publication de textes et d\u2019images sur Internet sont<\/p>\n","protected":false},"author":4,"featured_media":0,"comment_status":"closed","ping_status":"open","sticky":false,"template":"","format":"standard","meta":{"_acf_changed":false,"_relevanssi_hide_post":"","_relevanssi_hide_content":"","_relevanssi_pin_for_all":"","_relevanssi_pin_keywords":"","_relevanssi_unpin_keywords":"","_relevanssi_related_keywords":"","_relevanssi_related_include_ids":"","_relevanssi_related_exclude_ids":"","_relevanssi_related_no_append":"","_relevanssi_related_not_related":"","_relevanssi_related_posts":"20379,26740,19563,26664,26255,26769","_relevanssi_noindex_reason":"","footnotes":""},"categories":[90],"tags":[],"class_list":["post-26773","post","type-post","status-publish","format-standard","hentry","category-news-de-prolitteris"],"acf":[],"_links":{"self":[{"href":"https:\/\/prolitteris.ch\/fr\/wp-json\/wp\/v2\/posts\/26773","targetHints":{"allow":["GET"]}}],"collection":[{"href":"https:\/\/prolitteris.ch\/fr\/wp-json\/wp\/v2\/posts"}],"about":[{"href":"https:\/\/prolitteris.ch\/fr\/wp-json\/wp\/v2\/types\/post"}],"author":[{"embeddable":true,"href":"https:\/\/prolitteris.ch\/fr\/wp-json\/wp\/v2\/users\/4"}],"replies":[{"embeddable":true,"href":"https:\/\/prolitteris.ch\/fr\/wp-json\/wp\/v2\/comments?post=26773"}],"version-history":[{"count":1,"href":"https:\/\/prolitteris.ch\/fr\/wp-json\/wp\/v2\/posts\/26773\/revisions"}],"predecessor-version":[{"id":26774,"href":"https:\/\/prolitteris.ch\/fr\/wp-json\/wp\/v2\/posts\/26773\/revisions\/26774"}],"wp:attachment":[{"href":"https:\/\/prolitteris.ch\/fr\/wp-json\/wp\/v2\/media?parent=26773"}],"wp:term":[{"taxonomy":"category","embeddable":true,"href":"https:\/\/prolitteris.ch\/fr\/wp-json\/wp\/v2\/categories?post=26773"},{"taxonomy":"post_tag","embeddable":true,"href":"https:\/\/prolitteris.ch\/fr\/wp-json\/wp\/v2\/tags?post=26773"}],"curies":[{"name":"wp","href":"https:\/\/api.w.org\/{rel}","templated":true}]}}