{"id":26775,"date":"2026-04-29T12:17:25","date_gmt":"2026-04-29T10:17:25","guid":{"rendered":"https:\/\/prolitteris.ch\/?p=26775"},"modified":"2026-04-27T12:18:26","modified_gmt":"2026-04-27T10:18:26","slug":"repartition-expo-pour-les-artistes-dont-les-oeuvres-sont-exposees","status":"publish","type":"post","link":"https:\/\/prolitteris.ch\/fr\/repartition-expo-pour-les-artistes-dont-les-oeuvres-sont-exposees\/","title":{"rendered":"R\u00e9partition Expo pour les artistes dont les \u0153uvres sont expos\u00e9es"},"content":{"rendered":"\n<p><strong>29.04.2026 \u2013 ProLitteris introduit une nouvelle r\u00e9partition Expo. Elle compl\u00e8te la r\u00e9partition principale, qui comprenait jusqu\u2019\u00e0 pr\u00e9sent les r\u00e9partitions Print, Online et Broadcast. La nouvelle r\u00e9partition concerne les \u0153uvres visuelles expos\u00e9es publiquement en Suisse ou au Liechtenstein. Les auteurs et h\u00e9ritiers ayant conclu un contrat de gestion avec ProLitteris pourront b\u00e9n\u00e9ficier d\u2019une r\u00e9mun\u00e9ration lorsque les \u0153uvres sont pr\u00e9sent\u00e9es publiquement par des tiers et que l\u2019exposition fait l\u2019objet d\u2019une promotion. L\u2019introduction de cette mesure est encore soumise \u00e0 l\u2019approbation de l\u2019Institut de la propri\u00e9t\u00e9 intellectuelle.<\/strong><\/p>\n\n\n\n<p>La r\u00e9partition Expo r\u00e9pond \u00e0 une \u00e9volution des usages qui a consid\u00e9rablement gagn\u00e9 en importance ces derni\u00e8res ann\u00e9es dans le domaine des arts plastiques et de la photographie. Aujourd\u2019hui, les \u0153uvres pr\u00e9sent\u00e9es dans les expositions sont r\u00e9guli\u00e8rement photographi\u00e9es, stock\u00e9es et r\u00e9utilis\u00e9es dans les \u00e9coles, les entreprises et \u00e0 des fins priv\u00e9es. Pour ces utilisations, ProLitteris per\u00e7oit des redevances l\u00e9gales, notamment au titre des tarifs applicables aux supports de stockage, aux \u00e9coles et aux organisations. La r\u00e9partition Expo permet d\u00e9sormais de cr\u00e9er un mode de r\u00e9partition propre, simple et clair \u00e0 cet effet.<\/p>\n\n\n\n<p>La redevance d\u00e9pend de deux param\u00e8tres : le nombre d\u2019\u0153uvres et la dur\u00e9e de l\u2019exposition. Des montants fixes compris entre 50 et 250 CHF s\u2019appliquent par auteur\u00b7e, lieu d\u2019exposition et ann\u00e9e d\u2019utilisation. Le syst\u00e8me est volontairement simple. Il ne repose pas sur des calculs bas\u00e9s sur le nombre de visiteurs ou le type d\u2019institution.<\/p>\n\n\n\n<p>La r\u00e9partition Expo doit dans un premier temps \u00eatre mise en place sans nouveaux syst\u00e8mes informatiques et sans int\u00e9gration dans le portail. Les d\u00e9clarations seront trait\u00e9es manuellement durant cette phase. Le versement s\u2019effectuera en m\u00eame temps que la r\u00e9partition principale en septembre. Le d\u00e9lai de d\u00e9claration expire, comme pour les secteurs Print et Broadcast, le 31 janvier de l\u2019ann\u00e9e suivant l\u2019ann\u00e9e d\u2019utilisation. Pour les cinq premi\u00e8res ann\u00e9es, ProLitteris table sur une augmentation progressive du nombre de participants et sur un montant de redevance initialement tr\u00e8s faible.<\/p>\n\n\n\n<p>Au niveau europ\u00e9en, un mod\u00e8le similaire existe chez VG Bild-Kunst en Allemagne. En France, l\u2019ADAGP met en \u0153uvre un droit d\u2019exposition sur une autre base juridique. Avec la r\u00e9partition Expo, ProLitteris choisit sa propre voie, adapt\u00e9e au droit d\u2019auteur suisse et \u00e0 la r\u00e9partition principale existante.<\/p>\n\n\n\n<p>Le conseil d\u2019administration r\u00e9examinera chaque ann\u00e9e en mai les param\u00e8tres de la nouvelle r\u00e9partition. Avant le lancement de la r\u00e9partition Expo, l\u2019Institut de la propri\u00e9t\u00e9 intellectuelle examinera la modification du r\u00e8glement de r\u00e9partition \u00e9labor\u00e9e \u00e0 cet effet.<\/p>\n\n\n\n<p>Nous informerons nos membres en temps utile du lancement de la nouvelle r\u00e9partition. La premi\u00e8re ann\u00e9e d\u2019utilisation de la r\u00e9partition Expo sera 2027 : les expositions doivent donc avoir lieu cette ann\u00e9e-l\u00e0. Les redevances seront r\u00e9parties comme d\u2019habitude l\u2019ann\u00e9e suivante, c\u2019est-\u00e0-dire pour la premi\u00e8re fois lors de la r\u00e9partition principale de 2028.<\/p>\n","protected":false},"excerpt":{"rendered":"<p>29.04.2026 \u2013 ProLitteris introduit une nouvelle r\u00e9partition Expo. Elle compl\u00e8te la r\u00e9partition principale, qui comprenait jusqu\u2019\u00e0 pr\u00e9sent les r\u00e9partitions Print, Online et Broadcast. La nouvelle r\u00e9partition concerne les \u0153uvres visuelles expos\u00e9es publiquement en Suisse ou au Liechtenstein. Les auteurs et h\u00e9ritiers ayant conclu un contrat de gestion avec ProLitteris pourront b\u00e9n\u00e9ficier d\u2019une r\u00e9mun\u00e9ration lorsque les<\/p>\n","protected":false},"author":4,"featured_media":0,"comment_status":"closed","ping_status":"open","sticky":false,"template":"","format":"standard","meta":{"_acf_changed":false,"_relevanssi_hide_post":"","_relevanssi_hide_content":"","_relevanssi_pin_for_all":"","_relevanssi_pin_keywords":"","_relevanssi_unpin_keywords":"","_relevanssi_related_keywords":"","_relevanssi_related_include_ids":"","_relevanssi_related_exclude_ids":"","_relevanssi_related_no_append":"","_relevanssi_related_not_related":"","_relevanssi_related_posts":"26496,26740,20537,26218,26490,26746","_relevanssi_noindex_reason":"","footnotes":""},"categories":[90],"tags":[],"class_list":["post-26775","post","type-post","status-publish","format-standard","hentry","category-news-de-prolitteris"],"acf":[],"_links":{"self":[{"href":"https:\/\/prolitteris.ch\/fr\/wp-json\/wp\/v2\/posts\/26775","targetHints":{"allow":["GET"]}}],"collection":[{"href":"https:\/\/prolitteris.ch\/fr\/wp-json\/wp\/v2\/posts"}],"about":[{"href":"https:\/\/prolitteris.ch\/fr\/wp-json\/wp\/v2\/types\/post"}],"author":[{"embeddable":true,"href":"https:\/\/prolitteris.ch\/fr\/wp-json\/wp\/v2\/users\/4"}],"replies":[{"embeddable":true,"href":"https:\/\/prolitteris.ch\/fr\/wp-json\/wp\/v2\/comments?post=26775"}],"version-history":[{"count":1,"href":"https:\/\/prolitteris.ch\/fr\/wp-json\/wp\/v2\/posts\/26775\/revisions"}],"predecessor-version":[{"id":26776,"href":"https:\/\/prolitteris.ch\/fr\/wp-json\/wp\/v2\/posts\/26775\/revisions\/26776"}],"wp:attachment":[{"href":"https:\/\/prolitteris.ch\/fr\/wp-json\/wp\/v2\/media?parent=26775"}],"wp:term":[{"taxonomy":"category","embeddable":true,"href":"https:\/\/prolitteris.ch\/fr\/wp-json\/wp\/v2\/categories?post=26775"},{"taxonomy":"post_tag","embeddable":true,"href":"https:\/\/prolitteris.ch\/fr\/wp-json\/wp\/v2\/tags?post=26775"}],"curies":[{"name":"wp","href":"https:\/\/api.w.org\/{rel}","templated":true}]}}