{"id":26779,"date":"2026-04-28T12:27:29","date_gmt":"2026-04-28T10:27:29","guid":{"rendered":"https:\/\/prolitteris.ch\/?p=26779"},"modified":"2026-04-27T12:28:43","modified_gmt":"2026-04-27T10:28:43","slug":"ripartizione-print-rafforzamento-del-materiale-didattico-e-armonizzazione-della-durata-del-compenso","status":"publish","type":"post","link":"https:\/\/prolitteris.ch\/it\/ripartizione-print-rafforzamento-del-materiale-didattico-e-armonizzazione-della-durata-del-compenso\/","title":{"rendered":"Ripartizione Print \u2013 Rafforzamento del materiale didattico e armonizzazione della durata del compenso"},"content":{"rendered":"\n<p><strong>28.04.2026 \u2013 La ripartizione Print \u00e8 la ripartizione tradizionale della reprografia. Questo sistema consente a ProLitteris di ripartire i compensi per la copia e i ricavi simili. L\u2019importo totale della ripartizione Print diminuisce a favore della ripartizione Online, poich\u00e9 la riproduzione e la pubblicazione di testi e immagini su Internet sono in aumento.<\/strong><\/p>\n\n\n\n<p>ProLitteris prosegue sulla strada che si \u00e8 prefissata, ovvero armonizzare e abbreviare le durate del compenso delle diverse categorie di opere. L\u2019obiettivo \u00e8 quello di creare un sistema pi\u00f9 chiaro e coerente, che faciliti una successiva revisione totale della ripartizione e penalizzi il meno possibile i titolari dei diritti. Le modifiche sono il pi\u00f9 possibile neutre dal punto di vista economico. Le durate del compenso abbreviate sono quindi compensate da ponderazioni adeguate.<\/p>\n\n\n\n<p>Per i libri \u00e8 prevista una durata di compenso di otto anni. Le riviste saranno prese in considerazione per quattro anni, mentre per la stampa quotidiana e settimanale continuer\u00e0 ad applicarsi una durata di compenso di un anno.<\/p>\n\n\n\n<p>Queste diverse durate riflettono l\u2019utilizzo tipico di queste opere e si ispirano anche alle attuali condizioni di ripartizione nel settore della stampa. I libri rimangono spesso disponibili a lungo, sono catalogati bibliograficamente e vengono spesso conservati nelle biblioteche per diversi anni. Le riviste hanno, in confronto, una durata di vita leggermente pi\u00f9 breve. La stampa quotidiana e settimanale \u00e8 fortemente orientata all&#8217;attualit\u00e0 e continuer\u00e0 quindi ad essere trattata con la durata del compenso pi\u00f9 breve.<\/p>\n\n\n\n<p>Il sistema di ProLitteris distingue tra durata del compenso e ponderazione. La durata del compenso riflette innanzitutto la durata di vita approssimativa di una categoria di opere. La ponderazione rimane lo strumento che consente di riflettere in modo adeguato le differenze tra le classi di ripartizione all\u2019interno di durate armonizzate. A tal fine ci basiamo sugli studi di scienze sociali condotti da ProLitteris nell\u2019ambito delle procedure tariffarie. Il compenso effettivo dipende inoltre dalle somme disponibili per la ripartizione e dai valori in punti nei settori interessati.<\/p>\n\n\n\n<p>Gli adeguamenti avvengono per scaglioni. Se la durata del compenso viene ridotta, la ponderazione viene adeguata di conseguenza. In questo modo, i rapporti relativi tra le categorie di opere rimangono sostanzialmente stabili. Se alcune opere vengono escluse a causa della durata ridotta, l\u2019importo del compenso aumenta per tutte le opere ammissibili. Per la maggior parte dei titolari di diritti, in particolare i pi\u00f9 attivi, l\u2019adeguamento di ProLitteris ha un effetto pi\u00f9 o meno neutro.<\/p>\n\n\n\n<p>Ad ogni adeguamento della durata del compenso, pu\u00f2 capitare che alcune opere percepiscano compensi inferiori o non ne percepiscano pi\u00f9. Si tratta di una conseguenza inevitabile di qualsiasi miglioramento del sistema. Il comitato direttivo esamina questa questione in modo approfondito ad ogni adeguamento. Per questo motivo la procedura si svolge per fasi. Il funzionamento parallelo di diversi sistemi di ripartizione \u00e8 escluso, poich\u00e9 sarebbe praticamente impossibile da attuare e comporterebbe ulteriori ingiustizie nella ripartizione.<\/p>\n\n\n\n<p>ProLitteris procede a una modifica sostanziale sulla base dell\u2019ultimo studio sulle pratiche di copia nelle scuole. Essa riguarda la categoria dei supporti didattici. La ponderazione viene aumentata e allineata a quella delle opere scientifiche. Ci\u00f2 corrisponde a una decisione di principio di ProLitteris di trattare i supporti didattici e la scienza in modo identico.<\/p>\n\n\n\n<p>Anche in futuro saranno disponibili diversi strumenti per gestire la ripartizione in modo appropriato: la durata del compenso, la ponderazione e gli importi di ripartizione dei diversi settori. Nell\u2019ambito delle sue deliberazioni su nuovi adeguamenti del regolamento di ripartizione, ProLitteris si impegna inoltre a evitare compensi individuali eccessivamente elevati. Questa questione \u00e8 stata oggetto di una mozione durante l\u2019assemblea generale del 2024. Sebbene non ne sia scaturita alcuna decisione, l\u2019osservazione critica dei compensi individuali rientra nei doveri di diligenza di ProLitteris in qualit\u00e0 di societ\u00e0 di gestione collettiva.<\/p>\n\n\n\n<p>La richiesta di approvazione sar\u00e0 presentata all\u2019Istituto della propriet\u00e0 intellettuale nel maggio 2026. La revisione del regolamento di ripartizione comporta ulteriori miglioramenti. L\u2019attuazione delle modifiche avverr\u00e0 in occasione della ripartizione principale del 2027 (anno di esercizio 2026). La questione se una revisione successiva richieder\u00e0 misure supplementari sar\u00e0 oggetto di un esame separato. L\u2019intelligenza artificiale potrebbe costituire un motivo in tal senso. L\u2019intelligenza artificiale \u00e8 oggi utilizzata per tutte le categorie di opere e ProLitteris applica al meglio le condizioni del diritto d\u2019autore per la protezione in quanto opera e per l\u2019ottenimento di un compenso. La direzione e il comitato si occupano costantemente di questi sviluppi.<\/p>\n","protected":false},"excerpt":{"rendered":"<p>28.04.2026 \u2013 La ripartizione Print \u00e8 la ripartizione tradizionale della reprografia. Questo sistema consente a ProLitteris di ripartire i compensi per la copia e i ricavi simili. L\u2019importo totale della ripartizione Print diminuisce a favore della ripartizione Online, poich\u00e9 la riproduzione e la pubblicazione di testi e immagini su Internet sono in aumento. ProLitteris prosegue<\/p>\n","protected":false},"author":4,"featured_media":0,"comment_status":"closed","ping_status":"open","sticky":false,"template":"","format":"standard","meta":{"_acf_changed":false,"_relevanssi_hide_post":"","_relevanssi_hide_content":"","_relevanssi_pin_for_all":"","_relevanssi_pin_keywords":"","_relevanssi_unpin_keywords":"","_relevanssi_related_keywords":"","_relevanssi_related_include_ids":"","_relevanssi_related_exclude_ids":"","_relevanssi_related_no_append":"","_relevanssi_related_not_related":"","_relevanssi_related_posts":"26241,19344,26735,7465,6991,26714","_relevanssi_noindex_reason":"","footnotes":""},"categories":[91],"tags":[],"class_list":["post-26779","post","type-post","status-publish","format-standard","hentry","category-news-di-prolitteris"],"acf":[],"_links":{"self":[{"href":"https:\/\/prolitteris.ch\/it\/wp-json\/wp\/v2\/posts\/26779","targetHints":{"allow":["GET"]}}],"collection":[{"href":"https:\/\/prolitteris.ch\/it\/wp-json\/wp\/v2\/posts"}],"about":[{"href":"https:\/\/prolitteris.ch\/it\/wp-json\/wp\/v2\/types\/post"}],"author":[{"embeddable":true,"href":"https:\/\/prolitteris.ch\/it\/wp-json\/wp\/v2\/users\/4"}],"replies":[{"embeddable":true,"href":"https:\/\/prolitteris.ch\/it\/wp-json\/wp\/v2\/comments?post=26779"}],"version-history":[{"count":1,"href":"https:\/\/prolitteris.ch\/it\/wp-json\/wp\/v2\/posts\/26779\/revisions"}],"predecessor-version":[{"id":26780,"href":"https:\/\/prolitteris.ch\/it\/wp-json\/wp\/v2\/posts\/26779\/revisions\/26780"}],"wp:attachment":[{"href":"https:\/\/prolitteris.ch\/it\/wp-json\/wp\/v2\/media?parent=26779"}],"wp:term":[{"taxonomy":"category","embeddable":true,"href":"https:\/\/prolitteris.ch\/it\/wp-json\/wp\/v2\/categories?post=26779"},{"taxonomy":"post_tag","embeddable":true,"href":"https:\/\/prolitteris.ch\/it\/wp-json\/wp\/v2\/tags?post=26779"}],"curies":[{"name":"wp","href":"https:\/\/api.w.org\/{rel}","templated":true}]}}